{"id":1787,"date":"2026-04-30T20:45:45","date_gmt":"2026-04-30T20:45:45","guid":{"rendered":"https:\/\/air.ba\/?p=1787"},"modified":"2026-04-30T20:45:45","modified_gmt":"2026-04-30T20:45:45","slug":"poziv-za-prijave-za-polaganje-ispita-5","status":"publish","type":"post","link":"https:\/\/air.ba\/?p=1787","title":{"rendered":"Poziv za prijave za polaganje ispita"},"content":{"rendered":"<p><img decoding=\"async\" class=\"emoji\" role=\"img\" draggable=\"false\" src=\"https:\/\/s.w.org\/images\/core\/emoji\/15.0.3\/svg\/1f4e2.svg\" alt=\"\ud83d\udce2\" \/> Ovim putem vas obavje\u0161tavamo da Akademsko-strukovno udru\u017eenje internih revizora u BiH organizuje ljetni ispitni rok za polaganje ispita za sticanje zvanja ovla\u0161teni interni revizor u dva termina:<\/p>\n<ul>\n<li>juni 2026. godine i<\/li>\n<li>juli 2026. godine.<\/li>\n<\/ul>\n<p><img decoding=\"async\" class=\"emoji\" role=\"img\" draggable=\"false\" src=\"https:\/\/s.w.org\/images\/core\/emoji\/15.0.3\/svg\/1f4cc.svg\" alt=\"\ud83d\udccc\" \/>\u00a0Na\u0161 cilj je da svim\u00a0subjektima od javnog interesa\u00a0omogu\u0107imo da u svom timu imaju stru\u010dnjaka koji \u0107e posjedovati klju\u010dne kompetencije za implementaciju novih zakonskih obaveza. Tako\u0111er, \u017eelimo pomo\u0107i\u00a0bankama, osiguravaju\u0107im ku\u0107ama i drugim finansijskim institucijama\u00a0da osna\u017ee svoj tim interne revizije unaprje\u0111enjem dodatnih vje\u0161tina i znanja kroz certifikaciju internih revizora.<\/p>\n<p><img decoding=\"async\" class=\"emoji\" role=\"img\" draggable=\"false\" src=\"https:\/\/s.w.org\/images\/core\/emoji\/15.0.3\/svg\/1f4dd.svg\" alt=\"\ud83d\udcdd\" \/>Ispit \u0107e se organizovati\u00a0za sljede\u0107e specijalizacije:<\/p>\n<ul>\n<li>ovla\u0161teni interni revizor za banke i finansijske institucije<\/li>\n<li>ovla\u0161teni interni revizor za osiguravaju\u0107a dru\u0161tva<\/li>\n<li>ovla\u0161teni interni revizor za privredu<\/li>\n<li>ovla\u0161teni interni revizor za informacione sisteme<\/li>\n<\/ul>\n<p><img decoding=\"async\" class=\"emoji\" role=\"img\" draggable=\"false\" src=\"https:\/\/s.w.org\/images\/core\/emoji\/15.0.3\/svg\/1f4c5.svg\" alt=\"\ud83d\udcc5\" \/> Vrijeme odr\u017eavanja ispita: po\u010detkom juna 2026 \/ po\u010detkom jula 2026. godine.<br \/>\n<img decoding=\"async\" class=\"emoji\" role=\"img\" draggable=\"false\" src=\"https:\/\/s.w.org\/images\/core\/emoji\/15.0.3\/svg\/1f4cd.svg\" alt=\"\ud83d\udccd\" \/>\u00a0Lokacija odr\u017eavanja ispita: Poslovna Akademija Ekonomskog fakulteta u Sarajevu<\/p>\n<p><img decoding=\"async\" class=\"emoji\" role=\"img\" draggable=\"false\" src=\"https:\/\/s.w.org\/images\/core\/emoji\/15.0.3\/svg\/1f393.svg\" alt=\"\ud83c\udf93\" \/>\u00a0Kandidatima je omogu\u0107eno\u00a0polaganje ispita bez obuke.<\/p>\n<p>Vi\u0161e informacija o materijalima za samostalno u\u010denje, na\u010dinu polaganja ispita i drugim neophodnim informacijama mo\u017eete dobiti na ovom\u00a0<a href=\"https:\/\/air.ba\/?page_id=686\">linku<\/a>.<\/p>\n<p>Ako su potrebne dodatne informacije, slobodno nas kontaktirajte:<\/p>\n<div class=\"wp-block-group is-nowrap is-layout-flex wp-container-core-group-layout-5 wp-block-group-is-layout-flex\">\n<p class=\"has-small-font-size\">Akademsko-strukovno udru\u017eenje internih revizora u BiH<\/p>\n<p class=\"has-small-font-size\">Skenderija 70\/III\u00a0\u00a0 |\u00a0\u00a0 71000 Sarajevo, Bosna i Hercegovina<\/p>\n<\/div>\n<div class=\"wp-block-group is-nowrap is-layout-flex wp-container-core-group-layout-6 wp-block-group-is-layout-flex\">\n<p class=\"has-small-font-size\">Email:\u00a0<a href=\"mailto:info@air.ba\">info@air.ba<\/a><img decoding=\"async\" class=\"wp-image-302\" src=\"https:\/\/air.ba\/wp-content\/themes\/one-business-blocks\/images\/telephone.png\" alt=\"\" \/><\/p>\n<\/div>\n<div class=\"wp-block-group is-nowrap is-layout-flex wp-container-core-group-layout-7 wp-block-group-is-layout-flex\">\n<p class=\"has-roboto-font-family has-small-font-size\">Telefon: + 387 33 564 354<\/p>\n<\/div>\n","protected":false},"excerpt":{"rendered":"<p>Ovim putem vas obavje\u0161tavamo da Akademsko-strukovno udru\u017eenje internih revizora u BiH organizuje ljetni ispitni rok za polaganje ispita za sticanje zvanja ovla\u0161teni interni revizor u dva termina: juni 2026. godine i juli 2026. godine. \u00a0Na\u0161 cilj je da svim\u00a0subjektima od javnog interesa\u00a0omogu\u0107imo da u svom timu imaju stru\u010dnjaka koji \u0107e posjedovati klju\u010dne kompetencije za implementaciju [&hellip;]<\/p>\n","protected":false},"author":2,"featured_media":1788,"comment_status":"open","ping_status":"open","sticky":false,"template":"","format":"standard","meta":{"footnotes":""},"categories":[1],"tags":[],"class_list":["post-1787","post","type-post","status-publish","format-standard","has-post-thumbnail","hentry","category-uncategorized"],"_links":{"self":[{"href":"https:\/\/air.ba\/index.php?rest_route=\/wp\/v2\/posts\/1787","targetHints":{"allow":["GET"]}}],"collection":[{"href":"https:\/\/air.ba\/index.php?rest_route=\/wp\/v2\/posts"}],"about":[{"href":"https:\/\/air.ba\/index.php?rest_route=\/wp\/v2\/types\/post"}],"author":[{"embeddable":true,"href":"https:\/\/air.ba\/index.php?rest_route=\/wp\/v2\/users\/2"}],"replies":[{"embeddable":true,"href":"https:\/\/air.ba\/index.php?rest_route=%2Fwp%2Fv2%2Fcomments&post=1787"}],"version-history":[{"count":1,"href":"https:\/\/air.ba\/index.php?rest_route=\/wp\/v2\/posts\/1787\/revisions"}],"predecessor-version":[{"id":1789,"href":"https:\/\/air.ba\/index.php?rest_route=\/wp\/v2\/posts\/1787\/revisions\/1789"}],"wp:featuredmedia":[{"embeddable":true,"href":"https:\/\/air.ba\/index.php?rest_route=\/wp\/v2\/media\/1788"}],"wp:attachment":[{"href":"https:\/\/air.ba\/index.php?rest_route=%2Fwp%2Fv2%2Fmedia&parent=1787"}],"wp:term":[{"taxonomy":"category","embeddable":true,"href":"https:\/\/air.ba\/index.php?rest_route=%2Fwp%2Fv2%2Fcategories&post=1787"},{"taxonomy":"post_tag","embeddable":true,"href":"https:\/\/air.ba\/index.php?rest_route=%2Fwp%2Fv2%2Ftags&post=1787"}],"curies":[{"name":"wp","href":"https:\/\/api.w.org\/{rel}","templated":true}]}}